{"id":22,"count":3,"description":"<p data-start=\"190\" data-end=\"413\">V\u00e5ra <strong data-start=\"195\" data-end=\"207\">moddlare<\/strong> \u00e4r framtagna f\u00f6r de lite enklare jobben, d\u00e4r precision och ytfinish inte \u00e4r avg\u00f6rande.<\/p>\r\n<p data-start=\"415\" data-end=\"541\">Popul\u00e4r f\u00f6r inom b\u00e5de m\u00e5leri, bygg, industri och DIY.<\/p>","link":"https:\/\/wagnerpensel.se\/en\/product-category\/moddlare\/","name":"Flat Brushes","slug":"moddlare","taxonomy":"product_cat","parent":0,"meta":[],"menu_order":9,"yoast_head":"<!-- This site is optimized with the Yoast SEO plugin v26.6 - https:\/\/yoast.com\/wordpress\/plugins\/seo\/ -->\n<title>Moddlare f\u00f6r yrkesm\u00e5lare | F\u00f6r v\u00e4gg &amp; tak | Wagner Pensel<\/title>\n<meta name=\"description\" content=\"Professionella moddlare f\u00f6r m\u00e5lning av v\u00e4ggar, tak och st\u00f6rre ytor. F\u00f6r yrkesm\u00e5lare och \u00e5terf\u00f6rs\u00e4ljare som prioriterar effektivitet och kvalitet.\" \/>\n<meta name=\"robots\" content=\"index, follow, max-snippet:-1, max-image-preview:large, max-video-preview:-1\" \/>\n<link rel=\"canonical\" href=\"https:\/\/wagnerpensel.se\/en\/product-category\/moddlare\/\" \/>\n<meta property=\"og:locale\" content=\"en_GB\" \/>\n<meta property=\"og:type\" content=\"article\" \/>\n<meta property=\"og:title\" content=\"Moddlare f\u00f6r yrkesm\u00e5lare | F\u00f6r v\u00e4gg &amp; tak | Wagner Pensel\" \/>\n<meta property=\"og:description\" content=\"Professionella moddlare f\u00f6r m\u00e5lning av v\u00e4ggar, tak och st\u00f6rre ytor. F\u00f6r yrkesm\u00e5lare och \u00e5terf\u00f6rs\u00e4ljare som prioriterar effektivitet och kvalitet.\" \/>\n<meta property=\"og:url\" content=\"https:\/\/wagnerpensel.se\/en\/product-category\/moddlare\/\" \/>\n<meta property=\"og:site_name\" content=\"Wagner Pensel\" \/>\n<meta name=\"twitter:card\" content=\"summary_large_image\" \/>\n<script type=\"application\/ld+json\" class=\"yoast-schema-graph\">{\"@context\":\"https:\/\/schema.org\",\"@graph\":[{\"@type\":\"CollectionPage\",\"@id\":\"https:\/\/wagnerpensel.se\/produkt-kategori\/moddlare\/\",\"url\":\"https:\/\/wagnerpensel.se\/produkt-kategori\/moddlare\/\",\"name\":\"Moddlare f\u00f6r yrkesm\u00e5lare | F\u00f6r v\u00e4gg & tak | Wagner Pensel\",\"isPartOf\":{\"@id\":\"https:\/\/wagnerpensel.se\/#website\"},\"description\":\"Professionella moddlare f\u00f6r m\u00e5lning av v\u00e4ggar, tak och st\u00f6rre ytor. F\u00f6r yrkesm\u00e5lare och \u00e5terf\u00f6rs\u00e4ljare som prioriterar effektivitet och kvalitet.\",\"breadcrumb\":{\"@id\":\"https:\/\/wagnerpensel.se\/produkt-kategori\/moddlare\/#breadcrumb\"},\"inLanguage\":\"en-GB\"},{\"@type\":\"BreadcrumbList\",\"@id\":\"https:\/\/wagnerpensel.se\/produkt-kategori\/moddlare\/#breadcrumb\",\"itemListElement\":[{\"@type\":\"ListItem\",\"position\":1,\"name\":\"Hem\",\"item\":\"https:\/\/wagnerpensel.se\/\"},{\"@type\":\"ListItem\",\"position\":2,\"name\":\"Moddlare\"}]},{\"@type\":\"WebSite\",\"@id\":\"https:\/\/wagnerpensel.se\/#website\",\"url\":\"https:\/\/wagnerpensel.se\/\",\"name\":\"Wagner Pensel\",\"description\":\"Vi tillverkar penslar f\u00f6r m\u00e5leriarbeten och m\u00e5larindustrin.\",\"publisher\":{\"@id\":\"https:\/\/wagnerpensel.se\/#organization\"},\"potentialAction\":[{\"@type\":\"SearchAction\",\"target\":{\"@type\":\"EntryPoint\",\"urlTemplate\":\"https:\/\/wagnerpensel.se\/?s={search_term_string}\"},\"query-input\":{\"@type\":\"PropertyValueSpecification\",\"valueRequired\":true,\"valueName\":\"search_term_string\"}}],\"inLanguage\":\"en-GB\"},{\"@type\":\"Organization\",\"@id\":\"https:\/\/wagnerpensel.se\/#organization\",\"name\":\"Wagner Pensel\",\"url\":\"https:\/\/wagnerpensel.se\/\",\"logo\":{\"@type\":\"ImageObject\",\"inLanguage\":\"en-GB\",\"@id\":\"https:\/\/wagnerpensel.se\/#\/schema\/logo\/image\/\",\"url\":\"https:\/\/wagnerpensel.se\/wp-content\/uploads\/2025\/12\/wagner-logo.png\",\"contentUrl\":\"https:\/\/wagnerpensel.se\/wp-content\/uploads\/2025\/12\/wagner-logo.png\",\"width\":1354,\"height\":765,\"caption\":\"Wagner Pensel\"},\"image\":{\"@id\":\"https:\/\/wagnerpensel.se\/#\/schema\/logo\/image\/\"},\"sameAs\":[\"https:\/\/www.facebook.com\/wagnerpensel\"]}]}<\/script>\n<!-- \/ Yoast SEO plugin. -->","yoast_head_json":{"title":"Moddlare f\u00f6r yrkesm\u00e5lare | F\u00f6r v\u00e4gg & tak | Wagner Pensel","description":"Professionella moddlare f\u00f6r m\u00e5lning av v\u00e4ggar, tak och st\u00f6rre ytor. F\u00f6r yrkesm\u00e5lare och \u00e5terf\u00f6rs\u00e4ljare som prioriterar effektivitet och kvalitet.","robots":{"index":"index","follow":"follow","max-snippet":"max-snippet:-1","max-image-preview":"max-image-preview:large","max-video-preview":"max-video-preview:-1"},"canonical":"https:\/\/wagnerpensel.se\/en\/product-category\/moddlare\/","og_locale":"en_GB","og_type":"article","og_title":"Moddlare f\u00f6r yrkesm\u00e5lare | F\u00f6r v\u00e4gg & tak | Wagner Pensel","og_description":"Professionella moddlare f\u00f6r m\u00e5lning av v\u00e4ggar, tak och st\u00f6rre ytor. F\u00f6r yrkesm\u00e5lare och \u00e5terf\u00f6rs\u00e4ljare som prioriterar effektivitet och kvalitet.","og_url":"https:\/\/wagnerpensel.se\/en\/product-category\/moddlare\/","og_site_name":"Wagner Pensel","twitter_card":"summary_large_image","schema":{"@context":"https:\/\/schema.org","@graph":[{"@type":"CollectionPage","@id":"https:\/\/wagnerpensel.se\/produkt-kategori\/moddlare\/","url":"https:\/\/wagnerpensel.se\/produkt-kategori\/moddlare\/","name":"Moddlare f\u00f6r yrkesm\u00e5lare | F\u00f6r v\u00e4gg & tak | Wagner Pensel","isPartOf":{"@id":"https:\/\/wagnerpensel.se\/#website"},"description":"Professionella moddlare f\u00f6r m\u00e5lning av v\u00e4ggar, tak och st\u00f6rre ytor. F\u00f6r yrkesm\u00e5lare och \u00e5terf\u00f6rs\u00e4ljare som prioriterar effektivitet och kvalitet.","breadcrumb":{"@id":"https:\/\/wagnerpensel.se\/produkt-kategori\/moddlare\/#breadcrumb"},"inLanguage":"en-GB"},{"@type":"BreadcrumbList","@id":"https:\/\/wagnerpensel.se\/produkt-kategori\/moddlare\/#breadcrumb","itemListElement":[{"@type":"ListItem","position":1,"name":"Hem","item":"https:\/\/wagnerpensel.se\/"},{"@type":"ListItem","position":2,"name":"Moddlare"}]},{"@type":"WebSite","@id":"https:\/\/wagnerpensel.se\/#website","url":"https:\/\/wagnerpensel.se\/","name":"Wagner Pensel","description":"Vi tillverkar penslar f\u00f6r m\u00e5leriarbeten och m\u00e5larindustrin.","publisher":{"@id":"https:\/\/wagnerpensel.se\/#organization"},"potentialAction":[{"@type":"SearchAction","target":{"@type":"EntryPoint","urlTemplate":"https:\/\/wagnerpensel.se\/?s={search_term_string}"},"query-input":{"@type":"PropertyValueSpecification","valueRequired":true,"valueName":"search_term_string"}}],"inLanguage":"en-GB"},{"@type":"Organization","@id":"https:\/\/wagnerpensel.se\/#organization","name":"Wagner Pensel","url":"https:\/\/wagnerpensel.se\/","logo":{"@type":"ImageObject","inLanguage":"en-GB","@id":"https:\/\/wagnerpensel.se\/#\/schema\/logo\/image\/","url":"https:\/\/wagnerpensel.se\/wp-content\/uploads\/2025\/12\/wagner-logo.png","contentUrl":"https:\/\/wagnerpensel.se\/wp-content\/uploads\/2025\/12\/wagner-logo.png","width":1354,"height":765,"caption":"Wagner Pensel"},"image":{"@id":"https:\/\/wagnerpensel.se\/#\/schema\/logo\/image\/"},"sameAs":["https:\/\/www.facebook.com\/wagnerpensel"]}]}},"_links":{"self":[{"href":"https:\/\/wagnerpensel.se\/en\/wp-json\/wp\/v2\/product_cat\/22","targetHints":{"allow":["GET"]}}],"collection":[{"href":"https:\/\/wagnerpensel.se\/en\/wp-json\/wp\/v2\/product_cat"}],"about":[{"href":"https:\/\/wagnerpensel.se\/en\/wp-json\/wp\/v2\/taxonomies\/product_cat"}],"wp:post_type":[{"href":"https:\/\/wagnerpensel.se\/en\/wp-json\/wp\/v2\/product?product_cat=22"}],"curies":[{"name":"wp","href":"https:\/\/api.w.org\/{rel}","templated":true}]}}